{"id":1748,"date":"2021-02-19T02:18:46","date_gmt":"2021-02-19T02:18:46","guid":{"rendered":"https:\/\/invezt.co\/kaymera\/?p=1748"},"modified":"2021-02-19T02:18:46","modified_gmt":"2021-02-19T02:18:46","slug":"whatsapp-va-de-nuevo-por-la-actualizacion-de-sus-politicas-de-privacidad","status":"publish","type":"post","link":"https:\/\/unicode7.com\/index.php\/2021\/02\/19\/whatsapp-va-de-nuevo-por-la-actualizacion-de-sus-politicas-de-privacidad\/","title":{"rendered":"Whatsapp va de nuevo por la actualizaci\u00f3n de sus pol\u00edticas de privacidad"},"content":{"rendered":"\n<p>Despu\u00e9s de unas semanas, <strong><a href=\"https:\/\/invezt.co\/kaymera\/2021\/01\/06\/whatsapp-actualiza-sus-terminos-y-condiciones-de-uso-y-deberas-aceptarlas-si-quieres-usar-la-app\/\" target=\"_blank\" rel=\"noreferrer noopener\">Whatsapp nuevamente avisar\u00e1 de la actualizaci\u00f3n de sus pol\u00edticas de privacidad<\/a><\/strong>. La respuesta negativa de enero fue tan abrumadora que se ech\u00f3 para atr\u00e1s y lo pospuso. Ahora de nuevo va por esta actualizaci\u00f3n y busca la mejor forma de transmitir los cambios evitando una respuesta negativa. <\/p>\n\n\n\n<p>El problema anterior fue la privacidad, y el c\u00f3mo integrar\u00eda el mensajero con la plataforma comercial de Facebook e Instagram para la creaci\u00f3n de segmentos. Esta vez<a href=\"https:\/\/faq.whatsapp.com\/general\/security-and-privacy\/were-updating-our-terms-and-privacy-policy?lang=es\" target=\"_blank\" rel=\"noreferrer noopener\"> Whatsapp<\/a> tratar\u00e1 de explicar a detalle qu\u00e9 suceder\u00e1 con la privacidad de sus usuarios. <\/p>\n\n\n\n<p>El 15 de marzo entrar\u00e1n en vigencia los cambios, y para la empresa de Mark Zuckerberg no hay marcha atr\u00e1s. Esta vez tratar\u00e1n de hacerlo con cautela para no tener una nueva desbandada de usuarios como la de Enero. <\/p>\n\n\n\n<p>El cambio principal en esta actualizaci\u00f3n de sus pol\u00edticas de privacidad es que los mensajes donde el usuario interact\u00faa con empresas s\u00ed compartir\u00e1n datos\u00a0con esas empresas con fines comerciales. Pero tambi\u00e9n vendr\u00e1 la integraci\u00f3n de ventas directas y formas de pagos para empresas, informaci\u00f3n que tambi\u00e9n ser\u00e1 integrada con la plataforma comercial de Facebook. Sin embargo, la empresa insiste en que los mensajes con otros usuarios continuar\u00e1n como privados.<\/p>\n\n\n\n<p>Los usuarios ver\u00e1n un banner en la parte superior de la lista de conversaciones, con un acceso directo a la p\u00e1gina\u00a0donde se explica de forma concisa los cambios en la pol\u00edtica de privacidad. Tambi\u00e9n han mostrado un estado con stories donde explicaban que WhatsApp sigue siendo privado como hasta ahora. Habr\u00e1 que ver c\u00f3mo reciben los usuarios el cambio en este nuevo intento.<\/p>\n","protected":false},"excerpt":{"rendered":"<p>Despu\u00e9s de unas semanas, Whatsapp nuevamente avisar\u00e1 de la actualizaci\u00f3n de sus pol\u00edticas de privacidad. La respuesta negativa de enero fue tan abrumadora que se ech\u00f3 para atr\u00e1s y lo pospuso. Ahora de nuevo va por esta actualizaci\u00f3n y busca la mejor forma de transmitir los cambios evitando una respuesta negativa. El problema anterior fue&hellip;&nbsp;<a href=\"https:\/\/unicode7.com\/index.php\/2021\/02\/19\/whatsapp-va-de-nuevo-por-la-actualizacion-de-sus-politicas-de-privacidad\/\" rel=\"bookmark\">Leer m\u00e1s &raquo;<span class=\"screen-reader-text\">Whatsapp va de nuevo por la actualizaci\u00f3n de sus pol\u00edticas de privacidad<\/span><\/a><\/p>\n","protected":false},"author":1,"featured_media":1750,"comment_status":"open","ping_status":"open","sticky":false,"template":"","format":"standard","meta":{"neve_meta_sidebar":"","neve_meta_container":"","neve_meta_enable_content_width":"","neve_meta_content_width":0,"neve_meta_title_alignment":"","neve_meta_author_avatar":"","neve_post_elements_order":"","neve_meta_disable_header":"","neve_meta_disable_footer":"","neve_meta_disable_title":"","footnotes":""},"categories":[6],"tags":[203,19,204,16],"class_list":["post-1748","post","type-post","status-publish","format-standard","has-post-thumbnail","hentry","category-noticias","tag-actualizacion","tag-facebook","tag-politicas-de-privacidad","tag-whatsapp"],"_links":{"self":[{"href":"https:\/\/unicode7.com\/index.php\/wp-json\/wp\/v2\/posts\/1748","targetHints":{"allow":["GET"]}}],"collection":[{"href":"https:\/\/unicode7.com\/index.php\/wp-json\/wp\/v2\/posts"}],"about":[{"href":"https:\/\/unicode7.com\/index.php\/wp-json\/wp\/v2\/types\/post"}],"author":[{"embeddable":true,"href":"https:\/\/unicode7.com\/index.php\/wp-json\/wp\/v2\/users\/1"}],"replies":[{"embeddable":true,"href":"https:\/\/unicode7.com\/index.php\/wp-json\/wp\/v2\/comments?post=1748"}],"version-history":[{"count":0,"href":"https:\/\/unicode7.com\/index.php\/wp-json\/wp\/v2\/posts\/1748\/revisions"}],"wp:featuredmedia":[{"embeddable":true,"href":"https:\/\/unicode7.com\/index.php\/wp-json\/wp\/v2\/media\/1750"}],"wp:attachment":[{"href":"https:\/\/unicode7.com\/index.php\/wp-json\/wp\/v2\/media?parent=1748"}],"wp:term":[{"taxonomy":"category","embeddable":true,"href":"https:\/\/unicode7.com\/index.php\/wp-json\/wp\/v2\/categories?post=1748"},{"taxonomy":"post_tag","embeddable":true,"href":"https:\/\/unicode7.com\/index.php\/wp-json\/wp\/v2\/tags?post=1748"}],"curies":[{"name":"wp","href":"https:\/\/api.w.org\/{rel}","templated":true}]}}